{"id":9149,"date":"2023-11-13T21:29:06","date_gmt":"2023-11-13T21:29:06","guid":{"rendered":"https:\/\/bomberosdeesmeraldas.gob.ec\/?p=9149"},"modified":"2023-11-13T21:29:35","modified_gmt":"2023-11-13T21:29:35","slug":"capacitacion-en-rcp-a-las-enfermeras-del-hospital-basico-iess-por-el-cuerpo-de-bomberos","status":"publish","type":"post","link":"https:\/\/bomberosdeesmeraldas.gob.ec\/?p=9149","title":{"rendered":"Capacitaci\u00f3n en RCP a las enfermeras del Hospital B\u00e1sico IESS por el Cuerpo de Bomberos"},"content":{"rendered":"\n<p>El Cuerpo de Bomberos de Esmeraldas realiz\u00f3 una capacitaci\u00f3n en reanimaci\u00f3n cardiopulmonar (RCP) a las enfermeras del Hospital B\u00e1sico IESS del cant\u00f3n.<\/p>\n\n\n\n<p>Las enfermeras participaron activamente en la capacitaci\u00f3n y tuvieron la oportunidad de practicar las t\u00e9cnicas de RCP en maniqu\u00edes. La capacitaci\u00f3n en RCP es una herramienta importante para que las enfermeras puedan salvar <a><\/a>vidas en caso de una emergencia.<\/p>\n\n\n\n<p>La RCP tambi\u00e9n ayuda a las enfermeras a estar m\u00e1s preparadas para responder a emergencias card\u00edacas<\/p>\n\n\n\n<figure class=\"wp-block-gallery has-nested-images columns-default is-cropped wp-block-gallery-1 is-layout-flex wp-block-gallery-is-layout-flex\">\n<figure class=\"wp-block-image size-large\"><img loading=\"lazy\" decoding=\"async\" width=\"1024\" height=\"699\" data-id=\"9151\" src=\"https:\/\/bomberosdeesmeraldas.gob.ec\/wp-content\/uploads\/2023\/11\/Imagen-de-WhatsApp-2023-11-13-a-las-10.31.48_aedb940f-1024x699.jpg\" alt=\"\" class=\"wp-image-9151\" srcset=\"https:\/\/bomberosdeesmeraldas.gob.ec\/wp-content\/uploads\/2023\/11\/Imagen-de-WhatsApp-2023-11-13-a-las-10.31.48_aedb940f-1024x699.jpg 1024w, https:\/\/bomberosdeesmeraldas.gob.ec\/wp-content\/uploads\/2023\/11\/Imagen-de-WhatsApp-2023-11-13-a-las-10.31.48_aedb940f-300x205.jpg 300w, https:\/\/bomberosdeesmeraldas.gob.ec\/wp-content\/uploads\/2023\/11\/Imagen-de-WhatsApp-2023-11-13-a-las-10.31.48_aedb940f-150x102.jpg 150w, https:\/\/bomberosdeesmeraldas.gob.ec\/wp-content\/uploads\/2023\/11\/Imagen-de-WhatsApp-2023-11-13-a-las-10.31.48_aedb940f-768x524.jpg 768w, https:\/\/bomberosdeesmeraldas.gob.ec\/wp-content\/uploads\/2023\/11\/Imagen-de-WhatsApp-2023-11-13-a-las-10.31.48_aedb940f.jpg 1280w\" sizes=\"(max-width: 1024px) 100vw, 1024px\" \/><\/figure>\n\n\n\n<figure class=\"wp-block-image size-large\"><img loading=\"lazy\" decoding=\"async\" width=\"1024\" height=\"699\" data-id=\"9150\" src=\"https:\/\/bomberosdeesmeraldas.gob.ec\/wp-content\/uploads\/2023\/11\/Imagen-de-WhatsApp-2023-11-13-a-las-10.31.48_bd75bb2e-1024x699.jpg\" alt=\"\" class=\"wp-image-9150\" srcset=\"https:\/\/bomberosdeesmeraldas.gob.ec\/wp-content\/uploads\/2023\/11\/Imagen-de-WhatsApp-2023-11-13-a-las-10.31.48_bd75bb2e-1024x699.jpg 1024w, https:\/\/bomberosdeesmeraldas.gob.ec\/wp-content\/uploads\/2023\/11\/Imagen-de-WhatsApp-2023-11-13-a-las-10.31.48_bd75bb2e-300x205.jpg 300w, https:\/\/bomberosdeesmeraldas.gob.ec\/wp-content\/uploads\/2023\/11\/Imagen-de-WhatsApp-2023-11-13-a-las-10.31.48_bd75bb2e-150x102.jpg 150w, https:\/\/bomberosdeesmeraldas.gob.ec\/wp-content\/uploads\/2023\/11\/Imagen-de-WhatsApp-2023-11-13-a-las-10.31.48_bd75bb2e-768x524.jpg 768w, https:\/\/bomberosdeesmeraldas.gob.ec\/wp-content\/uploads\/2023\/11\/Imagen-de-WhatsApp-2023-11-13-a-las-10.31.48_bd75bb2e.jpg 1280w\" sizes=\"(max-width: 1024px) 100vw, 1024px\" \/><\/figure>\n\n\n\n<figure class=\"wp-block-image size-large\"><img loading=\"lazy\" decoding=\"async\" width=\"1024\" height=\"699\" data-id=\"9152\" src=\"https:\/\/bomberosdeesmeraldas.gob.ec\/wp-content\/uploads\/2023\/11\/Imagen-de-WhatsApp-2023-11-13-a-las-10.31.49_4d28a894-1024x699.jpg\" alt=\"\" class=\"wp-image-9152\" srcset=\"https:\/\/bomberosdeesmeraldas.gob.ec\/wp-content\/uploads\/2023\/11\/Imagen-de-WhatsApp-2023-11-13-a-las-10.31.49_4d28a894-1024x699.jpg 1024w, https:\/\/bomberosdeesmeraldas.gob.ec\/wp-content\/uploads\/2023\/11\/Imagen-de-WhatsApp-2023-11-13-a-las-10.31.49_4d28a894-300x205.jpg 300w, https:\/\/bomberosdeesmeraldas.gob.ec\/wp-content\/uploads\/2023\/11\/Imagen-de-WhatsApp-2023-11-13-a-las-10.31.49_4d28a894-150x102.jpg 150w, https:\/\/bomberosdeesmeraldas.gob.ec\/wp-content\/uploads\/2023\/11\/Imagen-de-WhatsApp-2023-11-13-a-las-10.31.49_4d28a894-768x524.jpg 768w, https:\/\/bomberosdeesmeraldas.gob.ec\/wp-content\/uploads\/2023\/11\/Imagen-de-WhatsApp-2023-11-13-a-las-10.31.49_4d28a894.jpg 1280w\" sizes=\"(max-width: 1024px) 100vw, 1024px\" \/><\/figure>\n\n\n\n<figure class=\"wp-block-image size-large\"><img loading=\"lazy\" decoding=\"async\" width=\"1024\" height=\"699\" data-id=\"9154\" src=\"https:\/\/bomberosdeesmeraldas.gob.ec\/wp-content\/uploads\/2023\/11\/Imagen-de-WhatsApp-2023-11-13-a-las-10.31.49_41ad3bd0-1024x699.jpg\" alt=\"\" class=\"wp-image-9154\" srcset=\"https:\/\/bomberosdeesmeraldas.gob.ec\/wp-content\/uploads\/2023\/11\/Imagen-de-WhatsApp-2023-11-13-a-las-10.31.49_41ad3bd0-1024x699.jpg 1024w, https:\/\/bomberosdeesmeraldas.gob.ec\/wp-content\/uploads\/2023\/11\/Imagen-de-WhatsApp-2023-11-13-a-las-10.31.49_41ad3bd0-300x205.jpg 300w, https:\/\/bomberosdeesmeraldas.gob.ec\/wp-content\/uploads\/2023\/11\/Imagen-de-WhatsApp-2023-11-13-a-las-10.31.49_41ad3bd0-150x102.jpg 150w, https:\/\/bomberosdeesmeraldas.gob.ec\/wp-content\/uploads\/2023\/11\/Imagen-de-WhatsApp-2023-11-13-a-las-10.31.49_41ad3bd0-768x524.jpg 768w, https:\/\/bomberosdeesmeraldas.gob.ec\/wp-content\/uploads\/2023\/11\/Imagen-de-WhatsApp-2023-11-13-a-las-10.31.49_41ad3bd0.jpg 1280w\" sizes=\"(max-width: 1024px) 100vw, 1024px\" \/><\/figure>\n\n\n\n<figure class=\"wp-block-image size-large\"><img loading=\"lazy\" decoding=\"async\" width=\"1024\" height=\"699\" data-id=\"9153\" src=\"https:\/\/bomberosdeesmeraldas.gob.ec\/wp-content\/uploads\/2023\/11\/Imagen-de-WhatsApp-2023-11-13-a-las-10.31.47_f14eecb9-1024x699.jpg\" alt=\"\" class=\"wp-image-9153\" srcset=\"https:\/\/bomberosdeesmeraldas.gob.ec\/wp-content\/uploads\/2023\/11\/Imagen-de-WhatsApp-2023-11-13-a-las-10.31.47_f14eecb9-1024x699.jpg 1024w, https:\/\/bomberosdeesmeraldas.gob.ec\/wp-content\/uploads\/2023\/11\/Imagen-de-WhatsApp-2023-11-13-a-las-10.31.47_f14eecb9-300x205.jpg 300w, https:\/\/bomberosdeesmeraldas.gob.ec\/wp-content\/uploads\/2023\/11\/Imagen-de-WhatsApp-2023-11-13-a-las-10.31.47_f14eecb9-150x102.jpg 150w, https:\/\/bomberosdeesmeraldas.gob.ec\/wp-content\/uploads\/2023\/11\/Imagen-de-WhatsApp-2023-11-13-a-las-10.31.47_f14eecb9-768x524.jpg 768w, https:\/\/bomberosdeesmeraldas.gob.ec\/wp-content\/uploads\/2023\/11\/Imagen-de-WhatsApp-2023-11-13-a-las-10.31.47_f14eecb9.jpg 1280w\" sizes=\"(max-width: 1024px) 100vw, 1024px\" \/><\/figure>\n<\/figure>\n","protected":false},"excerpt":{"rendered":"<p>El Cuerpo de Bomberos de Esmeraldas realiz\u00f3 una capacitaci\u00f3n en reanimaci\u00f3n cardiopulmonar (RCP) a las&#8230;<\/p>\n","protected":false},"author":1,"featured_media":0,"comment_status":"closed","ping_status":"closed","sticky":false,"template":"","format":"standard","meta":{"pagelayer_contact_templates":[],"_pagelayer_content":"","footnotes":""},"categories":[19],"tags":[],"post_folder":[],"class_list":["post-9149","post","type-post","status-publish","format-standard","hentry","category-noticias"],"featured_image_urls":{"full":"","thumbnail":"","medium":"","medium_large":"","large":"","1536x1536":"","2048x2048":"","covernews-slider-full":"","covernews-slider-center":"","covernews-featured":"","covernews-medium":"","covernews-medium-square":""},"author_info":{"display_name":"admin","author_link":"https:\/\/bomberosdeesmeraldas.gob.ec\/?author=1"},"category_info":"<a href=\"https:\/\/bomberosdeesmeraldas.gob.ec\/?cat=19\" rel=\"category\">NOTICIAS<\/a>","tag_info":"NOTICIAS","comment_count":"0","_links":{"self":[{"href":"https:\/\/bomberosdeesmeraldas.gob.ec\/index.php?rest_route=\/wp\/v2\/posts\/9149"}],"collection":[{"href":"https:\/\/bomberosdeesmeraldas.gob.ec\/index.php?rest_route=\/wp\/v2\/posts"}],"about":[{"href":"https:\/\/bomberosdeesmeraldas.gob.ec\/index.php?rest_route=\/wp\/v2\/types\/post"}],"author":[{"embeddable":true,"href":"https:\/\/bomberosdeesmeraldas.gob.ec\/index.php?rest_route=\/wp\/v2\/users\/1"}],"replies":[{"embeddable":true,"href":"https:\/\/bomberosdeesmeraldas.gob.ec\/index.php?rest_route=%2Fwp%2Fv2%2Fcomments&post=9149"}],"version-history":[{"count":3,"href":"https:\/\/bomberosdeesmeraldas.gob.ec\/index.php?rest_route=\/wp\/v2\/posts\/9149\/revisions"}],"predecessor-version":[{"id":9157,"href":"https:\/\/bomberosdeesmeraldas.gob.ec\/index.php?rest_route=\/wp\/v2\/posts\/9149\/revisions\/9157"}],"wp:attachment":[{"href":"https:\/\/bomberosdeesmeraldas.gob.ec\/index.php?rest_route=%2Fwp%2Fv2%2Fmedia&parent=9149"}],"wp:term":[{"taxonomy":"category","embeddable":true,"href":"https:\/\/bomberosdeesmeraldas.gob.ec\/index.php?rest_route=%2Fwp%2Fv2%2Fcategories&post=9149"},{"taxonomy":"post_tag","embeddable":true,"href":"https:\/\/bomberosdeesmeraldas.gob.ec\/index.php?rest_route=%2Fwp%2Fv2%2Ftags&post=9149"},{"taxonomy":"post_folder","embeddable":true,"href":"https:\/\/bomberosdeesmeraldas.gob.ec\/index.php?rest_route=%2Fwp%2Fv2%2Fpost_folder&post=9149"}],"curies":[{"name":"wp","href":"https:\/\/api.w.org\/{rel}","templated":true}]}}