{"id":9142,"date":"2023-11-07T22:25:31","date_gmt":"2023-11-07T22:25:31","guid":{"rendered":"https:\/\/bomberosdeesmeraldas.gob.ec\/?p=9142"},"modified":"2023-11-07T22:25:32","modified_gmt":"2023-11-07T22:25:32","slug":"bomberos-capacitan-a-moradores-de-la-parroquia-tabiazo","status":"publish","type":"post","link":"https:\/\/bomberosdeesmeraldas.gob.ec\/?p=9142","title":{"rendered":"Bomberos capacitan a moradores de la parroquia Tabiazo."},"content":{"rendered":"\n<p>Capacitaci\u00f3n a los moradores de la parroquia Tabiazo los d\u00edas viernes 20 y viernes 27 de octubre en los temas de prevenci\u00f3n de incendios, uso y manejo de extintores, evacuaci\u00f3n y primeros auxilios b\u00e1sicos fue un evento importante que contribuir\u00e1 a la seguridad de la comunidad.<\/p>\n\n\n\n<figure class=\"wp-block-gallery has-nested-images columns-default is-cropped wp-block-gallery-1 is-layout-flex wp-block-gallery-is-layout-flex\">\n<figure class=\"wp-block-image size-large\"><img loading=\"lazy\" decoding=\"async\" width=\"1024\" height=\"699\" data-id=\"9143\" src=\"https:\/\/bomberosdeesmeraldas.gob.ec\/wp-content\/uploads\/2023\/11\/WhatsApp-Image-2023-11-07-at-16.43.44-1024x699.jpeg\" alt=\"\" class=\"wp-image-9143\" srcset=\"https:\/\/bomberosdeesmeraldas.gob.ec\/wp-content\/uploads\/2023\/11\/WhatsApp-Image-2023-11-07-at-16.43.44-1024x699.jpeg 1024w, https:\/\/bomberosdeesmeraldas.gob.ec\/wp-content\/uploads\/2023\/11\/WhatsApp-Image-2023-11-07-at-16.43.44-300x205.jpeg 300w, https:\/\/bomberosdeesmeraldas.gob.ec\/wp-content\/uploads\/2023\/11\/WhatsApp-Image-2023-11-07-at-16.43.44-150x102.jpeg 150w, https:\/\/bomberosdeesmeraldas.gob.ec\/wp-content\/uploads\/2023\/11\/WhatsApp-Image-2023-11-07-at-16.43.44-768x524.jpeg 768w, https:\/\/bomberosdeesmeraldas.gob.ec\/wp-content\/uploads\/2023\/11\/WhatsApp-Image-2023-11-07-at-16.43.44.jpeg 1280w\" sizes=\"(max-width: 1024px) 100vw, 1024px\" \/><\/figure>\n<\/figure>\n\n\n\n<p>En la capacitaci\u00f3n, los participantes aprendieron sobre los siguientes temas:<\/p>\n\n\n\n<p>\u2022 Prevenci\u00f3n de incendios: Los participantes <a><\/a>aprendieron sobre las principales causas de incendios, c\u00f3mo prevenirlos y qu\u00e9 hacer en caso de que se produzca un incendio.<\/p>\n\n\n\n<p>\u2022 Uso y manejo de extintores: Los participantes aprendieron sobre los diferentes tipos de extintores, c\u00f3mo utilizarlos de forma segura y c\u00f3mo realizar una evacuaci\u00f3n en caso de incendio.<\/p>\n\n\n\n<p>\u2022 Evacuaci\u00f3n: Los participantes aprendieron sobre los procedimientos de evacuaci\u00f3n en caso de incendio o cualquier otra emergencia.<\/p>\n\n\n\n<p>\u2022 Primeros auxilios b\u00e1sicos: Los participantes aprendieron sobre c\u00f3mo brindar primeros auxilios b\u00e1sicos en caso de accidentes o emergencias m\u00e9dicas.<\/p>\n\n\n\n<figure class=\"wp-block-gallery has-nested-images columns-default is-cropped wp-block-gallery-2 is-layout-flex wp-block-gallery-is-layout-flex\">\n<figure class=\"wp-block-image size-large\"><img loading=\"lazy\" decoding=\"async\" width=\"1024\" height=\"699\" data-id=\"9144\" src=\"https:\/\/bomberosdeesmeraldas.gob.ec\/wp-content\/uploads\/2023\/11\/WhatsApp-Image-2023-11-07-at-16.43.43-1-1024x699.jpeg\" alt=\"\" class=\"wp-image-9144\" srcset=\"https:\/\/bomberosdeesmeraldas.gob.ec\/wp-content\/uploads\/2023\/11\/WhatsApp-Image-2023-11-07-at-16.43.43-1-1024x699.jpeg 1024w, https:\/\/bomberosdeesmeraldas.gob.ec\/wp-content\/uploads\/2023\/11\/WhatsApp-Image-2023-11-07-at-16.43.43-1-300x205.jpeg 300w, https:\/\/bomberosdeesmeraldas.gob.ec\/wp-content\/uploads\/2023\/11\/WhatsApp-Image-2023-11-07-at-16.43.43-1-150x102.jpeg 150w, https:\/\/bomberosdeesmeraldas.gob.ec\/wp-content\/uploads\/2023\/11\/WhatsApp-Image-2023-11-07-at-16.43.43-1-768x524.jpeg 768w, https:\/\/bomberosdeesmeraldas.gob.ec\/wp-content\/uploads\/2023\/11\/WhatsApp-Image-2023-11-07-at-16.43.43-1.jpeg 1280w\" sizes=\"(max-width: 1024px) 100vw, 1024px\" \/><\/figure>\n<\/figure>\n\n\n\n<p>La capacitaci\u00f3n fue impartida por el Cuerpo de Bomberos de Esmeraldas y cont\u00f3 con la participaci\u00f3n de m\u00e1s de 100 moradores de la parroquia Tabiazo.<\/p>\n\n\n\n<p>Es una iniciativa importante que ayudar\u00e1 a los moradores de Tabiazo a estar mejor preparados para enfrentar situaciones de emergencia.<\/p>\n\n\n\n<p>Les ayudar\u00e1 a prevenir incendios, evacuar de forma segura en caso de incendio y brindar primeros auxilios b\u00e1sicos en caso de accidentes o emergencias m\u00e9dicas.<\/p>\n\n\n\n<p>En general, la capacitaci\u00f3n a los moradores de la parroquia Tabiazo es una iniciativa importante que contribuir\u00e1 a la seguridad de la comunidad.<\/p>\n\n\n\n<figure class=\"wp-block-gallery has-nested-images columns-default is-cropped wp-block-gallery-3 is-layout-flex wp-block-gallery-is-layout-flex\">\n<figure class=\"wp-block-image size-large\"><img loading=\"lazy\" decoding=\"async\" width=\"1024\" height=\"699\" data-id=\"9146\" src=\"https:\/\/bomberosdeesmeraldas.gob.ec\/wp-content\/uploads\/2023\/11\/WhatsApp-Image-2023-11-07-at-16.43.43-1024x699.jpeg\" alt=\"\" class=\"wp-image-9146\" srcset=\"https:\/\/bomberosdeesmeraldas.gob.ec\/wp-content\/uploads\/2023\/11\/WhatsApp-Image-2023-11-07-at-16.43.43-1024x699.jpeg 1024w, https:\/\/bomberosdeesmeraldas.gob.ec\/wp-content\/uploads\/2023\/11\/WhatsApp-Image-2023-11-07-at-16.43.43-300x205.jpeg 300w, https:\/\/bomberosdeesmeraldas.gob.ec\/wp-content\/uploads\/2023\/11\/WhatsApp-Image-2023-11-07-at-16.43.43-150x102.jpeg 150w, https:\/\/bomberosdeesmeraldas.gob.ec\/wp-content\/uploads\/2023\/11\/WhatsApp-Image-2023-11-07-at-16.43.43-768x524.jpeg 768w, https:\/\/bomberosdeesmeraldas.gob.ec\/wp-content\/uploads\/2023\/11\/WhatsApp-Image-2023-11-07-at-16.43.43.jpeg 1280w\" sizes=\"(max-width: 1024px) 100vw, 1024px\" \/><\/figure>\n\n\n\n<figure class=\"wp-block-image size-large\"><img loading=\"lazy\" decoding=\"async\" width=\"1024\" height=\"699\" data-id=\"9145\" src=\"https:\/\/bomberosdeesmeraldas.gob.ec\/wp-content\/uploads\/2023\/11\/WhatsApp-Image-2023-11-07-at-16.43.44-1-1024x699.jpeg\" alt=\"\" class=\"wp-image-9145\" srcset=\"https:\/\/bomberosdeesmeraldas.gob.ec\/wp-content\/uploads\/2023\/11\/WhatsApp-Image-2023-11-07-at-16.43.44-1-1024x699.jpeg 1024w, https:\/\/bomberosdeesmeraldas.gob.ec\/wp-content\/uploads\/2023\/11\/WhatsApp-Image-2023-11-07-at-16.43.44-1-300x205.jpeg 300w, https:\/\/bomberosdeesmeraldas.gob.ec\/wp-content\/uploads\/2023\/11\/WhatsApp-Image-2023-11-07-at-16.43.44-1-150x102.jpeg 150w, https:\/\/bomberosdeesmeraldas.gob.ec\/wp-content\/uploads\/2023\/11\/WhatsApp-Image-2023-11-07-at-16.43.44-1-768x524.jpeg 768w, https:\/\/bomberosdeesmeraldas.gob.ec\/wp-content\/uploads\/2023\/11\/WhatsApp-Image-2023-11-07-at-16.43.44-1.jpeg 1280w\" sizes=\"(max-width: 1024px) 100vw, 1024px\" \/><\/figure>\n\n\n\n<figure class=\"wp-block-image size-large\"><img loading=\"lazy\" decoding=\"async\" width=\"1024\" height=\"699\" data-id=\"9147\" src=\"https:\/\/bomberosdeesmeraldas.gob.ec\/wp-content\/uploads\/2023\/11\/WhatsApp-Image-2023-11-07-at-16.43.44-2-1024x699.jpeg\" alt=\"\" class=\"wp-image-9147\" srcset=\"https:\/\/bomberosdeesmeraldas.gob.ec\/wp-content\/uploads\/2023\/11\/WhatsApp-Image-2023-11-07-at-16.43.44-2-1024x699.jpeg 1024w, https:\/\/bomberosdeesmeraldas.gob.ec\/wp-content\/uploads\/2023\/11\/WhatsApp-Image-2023-11-07-at-16.43.44-2-300x205.jpeg 300w, https:\/\/bomberosdeesmeraldas.gob.ec\/wp-content\/uploads\/2023\/11\/WhatsApp-Image-2023-11-07-at-16.43.44-2-150x102.jpeg 150w, https:\/\/bomberosdeesmeraldas.gob.ec\/wp-content\/uploads\/2023\/11\/WhatsApp-Image-2023-11-07-at-16.43.44-2-768x524.jpeg 768w, https:\/\/bomberosdeesmeraldas.gob.ec\/wp-content\/uploads\/2023\/11\/WhatsApp-Image-2023-11-07-at-16.43.44-2.jpeg 1280w\" sizes=\"(max-width: 1024px) 100vw, 1024px\" \/><\/figure>\n<\/figure>\n","protected":false},"excerpt":{"rendered":"<p>Capacitaci\u00f3n a los moradores de la parroquia Tabiazo los d\u00edas viernes 20 y viernes 27&#8230;<\/p>\n","protected":false},"author":1,"featured_media":0,"comment_status":"closed","ping_status":"closed","sticky":false,"template":"","format":"standard","meta":{"pagelayer_contact_templates":[],"_pagelayer_content":"","footnotes":""},"categories":[19],"tags":[],"post_folder":[],"class_list":["post-9142","post","type-post","status-publish","format-standard","hentry","category-noticias"],"featured_image_urls":{"full":"","thumbnail":"","medium":"","medium_large":"","large":"","1536x1536":"","2048x2048":"","covernews-slider-full":"","covernews-slider-center":"","covernews-featured":"","covernews-medium":"","covernews-medium-square":""},"author_info":{"display_name":"admin","author_link":"https:\/\/bomberosdeesmeraldas.gob.ec\/?author=1"},"category_info":"<a href=\"https:\/\/bomberosdeesmeraldas.gob.ec\/?cat=19\" rel=\"category\">NOTICIAS<\/a>","tag_info":"NOTICIAS","comment_count":"0","_links":{"self":[{"href":"https:\/\/bomberosdeesmeraldas.gob.ec\/index.php?rest_route=\/wp\/v2\/posts\/9142"}],"collection":[{"href":"https:\/\/bomberosdeesmeraldas.gob.ec\/index.php?rest_route=\/wp\/v2\/posts"}],"about":[{"href":"https:\/\/bomberosdeesmeraldas.gob.ec\/index.php?rest_route=\/wp\/v2\/types\/post"}],"author":[{"embeddable":true,"href":"https:\/\/bomberosdeesmeraldas.gob.ec\/index.php?rest_route=\/wp\/v2\/users\/1"}],"replies":[{"embeddable":true,"href":"https:\/\/bomberosdeesmeraldas.gob.ec\/index.php?rest_route=%2Fwp%2Fv2%2Fcomments&post=9142"}],"version-history":[{"count":1,"href":"https:\/\/bomberosdeesmeraldas.gob.ec\/index.php?rest_route=\/wp\/v2\/posts\/9142\/revisions"}],"predecessor-version":[{"id":9148,"href":"https:\/\/bomberosdeesmeraldas.gob.ec\/index.php?rest_route=\/wp\/v2\/posts\/9142\/revisions\/9148"}],"wp:attachment":[{"href":"https:\/\/bomberosdeesmeraldas.gob.ec\/index.php?rest_route=%2Fwp%2Fv2%2Fmedia&parent=9142"}],"wp:term":[{"taxonomy":"category","embeddable":true,"href":"https:\/\/bomberosdeesmeraldas.gob.ec\/index.php?rest_route=%2Fwp%2Fv2%2Fcategories&post=9142"},{"taxonomy":"post_tag","embeddable":true,"href":"https:\/\/bomberosdeesmeraldas.gob.ec\/index.php?rest_route=%2Fwp%2Fv2%2Ftags&post=9142"},{"taxonomy":"post_folder","embeddable":true,"href":"https:\/\/bomberosdeesmeraldas.gob.ec\/index.php?rest_route=%2Fwp%2Fv2%2Fpost_folder&post=9142"}],"curies":[{"name":"wp","href":"https:\/\/api.w.org\/{rel}","templated":true}]}}